{"id":3528,"date":"2023-07-25T10:30:14","date_gmt":"2023-07-25T14:30:14","guid":{"rendered":"https:\/\/artch.org\/call-for-applications-2\/"},"modified":"2023-07-25T11:32:26","modified_gmt":"2023-07-25T15:32:26","slug":"call-for-applications-2","status":"publish","type":"post","link":"https:\/\/artch.org\/en\/call-for-applications-2\/","title":{"rendered":"Call for applications"},"content":{"rendered":"<p>[et_pb_section fb_built=&#8221;1&#8243; _builder_version=&#8221;4.18.0&#8243; _dynamic_attributes=&#8221;background_image&#8221; _module_preset=&#8221;default&#8221; background_image=&#8221;@ET-DC@eyJkeW5hbWljIjp0cnVlLCJjb250ZW50IjoicG9zdF9mZWF0dXJlZF9pbWFnZSIsInNldHRpbmdzIjp7fX0=@&#8221; min_height=&#8221;90vh&#8221; min_height_tablet=&#8221;50vh&#8221; min_height_phone=&#8221;50vh&#8221; min_height_last_edited=&#8221;on|phone&#8221; max_height=&#8221;90vh&#8221; max_height_tablet=&#8221;50vh&#8221; max_height_phone=&#8221;50vh&#8221; max_height_last_edited=&#8221;on|desktop&#8221; custom_padding=&#8221;6%||||false|false&#8221; global_colors_info=&#8221;{}&#8221;][et_pb_row _builder_version=&#8221;4.18.0&#8243; _module_preset=&#8221;default&#8221; width=&#8221;88%&#8221; max_width=&#8221;100%&#8221; min_height_tablet=&#8221;&#8221; min_height_phone=&#8221;&#8221; min_height_last_edited=&#8221;on|phone&#8221; max_height_tablet=&#8221;&#8221; max_height_phone=&#8221;&#8221; max_height_last_edited=&#8221;on|desktop&#8221; custom_padding=&#8221;0px|||3px|false|false&#8221; global_colors_info=&#8221;{}&#8221;][et_pb_column type=&#8221;4_4&#8243; _builder_version=&#8221;4.18.0&#8243; _module_preset=&#8221;default&#8221; global_colors_info=&#8221;{}&#8221;][et_pb_text _builder_version=&#8221;4.18.0&#8243; _module_preset=&#8221;default&#8221; header_2_font=&#8221;|||on|||||&#8221; header_2_text_color=&#8221;#FFFFFF&#8221; header_2_font_size=&#8221;85px&#8221; animation_style=&#8221;slide&#8221; animation_direction=&#8221;bottom&#8221; animation_duration=&#8221;500ms&#8221; animation_delay=&#8221;0.3ms&#8221; animation_intensity_slide=&#8221;40%&#8221; header_2_font_size_tablet=&#8221;40px&#8221; header_2_font_size_phone=&#8221;30px&#8221; header_2_font_size_last_edited=&#8221;on|phone&#8221; header_2_text_shadow_style=&#8221;preset3&#8243; header_2_text_shadow_color=&#8221;rgba(0,0,0,0.3)&#8221; global_colors_info=&#8221;{}&#8221;][\/et_pb_text][\/et_pb_column][\/et_pb_row][\/et_pb_section][et_pb_section fb_built=&#8221;1&#8243; custom_padding_last_edited=&#8221;on|phone&#8221; module_class=&#8221;section-contenu-dans-post&#8221; _builder_version=&#8221;4.18.0&#8243; _module_preset=&#8221;default&#8221; background_color=&#8221;#FFFFFF&#8221; custom_padding=&#8221;7%||7%||true|false&#8221; custom_padding_tablet=&#8221;10%||10%||true|false&#8221; custom_padding_phone=&#8221;15%||15%||true|false&#8221; global_colors_info=&#8221;{}&#8221;][et_pb_row column_structure=&#8221;2_3,1_3&#8243; use_custom_gutter=&#8221;on&#8221; gutter_width=&#8221;4&#8243; _builder_version=&#8221;4.18.0&#8243; _module_preset=&#8221;default&#8221; width=&#8221;88%&#8221; width_tablet=&#8221;80%&#8221; width_phone=&#8221;80%&#8221; width_last_edited=&#8221;on|tablet&#8221; max_width=&#8221;100%&#8221; max_width_tablet=&#8221;100%&#8221; max_width_phone=&#8221;100%&#8221; max_width_last_edited=&#8221;on|tablet&#8221; custom_padding=&#8221;0px||0px||true|false&#8221; global_colors_info=&#8221;{}&#8221;][et_pb_column type=&#8221;2_3&#8243; _builder_version=&#8221;4.18.0&#8243; _module_preset=&#8221;default&#8221; custom_padding=&#8221;|8vw|||false|false&#8221; global_colors_info=&#8221;{}&#8221;][et_pb_text module_class=&#8221;categories-dans-post&#8221; _builder_version=&#8221;4.18.0&#8243; _module_preset=&#8221;default&#8221; text_font=&#8221;|||on|||||&#8221; animation_style=&#8221;slide&#8221; animation_direction=&#8221;bottom&#8221; animation_duration=&#8221;500ms&#8221; global_colors_info=&#8221;{}&#8221;]<\/p>\n<p>Exhibition<\/p>\n<p>[\/et_pb_text][et_pb_post_title meta=&#8221;off&#8221; featured_image=&#8221;off&#8221; module_class=&#8221;titre-dans-post&#8221; _builder_version=&#8221;4.18.0&#8243; _module_preset=&#8221;default&#8221; animation_style=&#8221;slide&#8221; animation_direction=&#8221;bottom&#8221; animation_duration=&#8221;500ms&#8221; title_font_size_tablet=&#8221;&#8221; title_font_size_phone=&#8221;&#8221; title_font_size_last_edited=&#8221;on|phone&#8221; global_colors_info=&#8221;{}&#8221;][\/et_pb_post_title][et_pb_text module_class=&#8221;commissariat-dans-post&#8221; _builder_version=&#8221;4.18.0&#8243; _module_preset=&#8221;default&#8221; header_2_font=&#8221;||||||||&#8221; animation_style=&#8221;slide&#8221; animation_direction=&#8221;bottom&#8221; animation_duration=&#8221;500ms&#8221; animation_delay=&#8221;0.4ms&#8221; global_colors_info=&#8221;{}&#8221;]<\/p>\n<p><span class=\"WdYUQQ text-decoration-none text-strikethrough-none\">Technical assistant for the exhibition and production<\/span><\/p>\n<p>[\/et_pb_text][\/et_pb_column][et_pb_column type=&#8221;1_3&#8243; _builder_version=&#8221;4.18.0&#8243; _module_preset=&#8221;default&#8221; global_colors_info=&#8221;{}&#8221;][et_pb_image src=&#8221;https:\/\/artch.org\/wp-content\/uploads\/2022\/11\/radiating-img-1.jpg&#8221; alt=&#8221;Artch &#8211; Radiating&#8221; title_text=&#8221;texte-radiating&#8221; _builder_version=&#8221;4.18.0&#8243; _module_preset=&#8221;default&#8221; max_width=&#8221;400px&#8221; max_width_tablet=&#8221;300px&#8221; max_width_phone=&#8221;200px&#8221; max_width_last_edited=&#8221;on|desktop&#8221; custom_margin=&#8221;||70px||false|false&#8221; custom_margin_tablet=&#8221;||70px||false|false&#8221; custom_margin_phone=&#8221;||50px||false|false&#8221; custom_margin_last_edited=&#8221;on|desktop&#8221; animation_style=&#8221;slide&#8221; animation_direction=&#8221;bottom&#8221; animation_duration=&#8221;500ms&#8221; animation_delay=&#8221;1ms&#8221; animation_direction_last_edited=&#8221;off|desktop&#8221; global_colors_info=&#8221;{}&#8221;][\/et_pb_image][et_pb_text module_class=&#8221;dates-dans-post debut&#8221; _builder_version=&#8221;4.18.0&#8243; _dynamic_attributes=&#8221;content&#8221; _module_preset=&#8221;default&#8221; animation_style=&#8221;slide&#8221; animation_direction=&#8221;bottom&#8221; animation_duration=&#8221;500ms&#8221; animation_delay=&#8221;1.2ms&#8221; text_font_size_tablet=&#8221;&#8221; text_font_size_phone=&#8221;&#8221; text_font_size_last_edited=&#8221;on|desktop&#8221; global_colors_info=&#8221;{}&#8221;]@ET-DC@eyJkeW5hbWljIjp0cnVlLCJjb250ZW50IjoiY3VzdG9tX21ldGFfZGF0ZV9kZWJ1dCIsInNldHRpbmdzIjp7ImJlZm9yZSI6IiIsImFmdGVyIjoiIiwiZW5hYmxlX2h0bWwiOiJvZmYifX0=@[\/et_pb_text][et_pb_image src=&#8221;https:\/\/artch.org\/wp-content\/uploads\/2022\/08\/fleche-dates.png&#8221; title_text=&#8221;fleche-dates&#8221; module_class=&#8221;fleche-dates-dans-post&#8221; _builder_version=&#8221;4.21.0&#8243; _module_preset=&#8221;default&#8221; width_tablet=&#8221;&#8221; width_phone=&#8221;&#8221; width_last_edited=&#8221;on|desktop&#8221; custom_padding=&#8221;||||false|false&#8221; hover_enabled=&#8221;0&#8243; global_colors_info=&#8221;{}&#8221; sticky_enabled=&#8221;0&#8243;][\/et_pb_image][et_pb_text module_class=&#8221;dates-dans-post fin&#8221; _builder_version=&#8221;4.21.0&#8243; _module_preset=&#8221;default&#8221; animation_style=&#8221;slide&#8221; animation_direction=&#8221;bottom&#8221; animation_duration=&#8221;500ms&#8221; animation_delay=&#8221;1.2ms&#8221; hover_enabled=&#8221;0&#8243; text_font_size_tablet=&#8221;&#8221; text_font_size_phone=&#8221;&#8221; text_font_size_last_edited=&#8221;on|phone&#8221; global_colors_info=&#8221;{}&#8221; sticky_enabled=&#8221;0&#8243;]<\/p>\n<p>11.08<\/p>\n<p>[\/et_pb_text][et_pb_text module_class=&#8221;lieu-dans-post&#8221; _builder_version=&#8221;4.18.0&#8243; _dynamic_attributes=&#8221;content&#8221; _module_preset=&#8221;default&#8221; text_font=&#8221;|||on|||||&#8221; animation_style=&#8221;slide&#8221; animation_direction=&#8221;bottom&#8221; animation_duration=&#8221;500ms&#8221; animation_delay=&#8221;1.3ms&#8221; text_font_size_tablet=&#8221;&#8221; text_font_size_phone=&#8221;&#8221; text_font_size_last_edited=&#8221;on|phone&#8221; global_colors_info=&#8221;{}&#8221;]@ET-DC@eyJkeW5hbWljIjp0cnVlLCJjb250ZW50IjoiY3VzdG9tX21ldGFfdmlsbGUiLCJzZXR0aW5ncyI6eyJiZWZvcmUiOiIiLCJhZnRlciI6IiIsImVuYWJsZV9odG1sIjoib2ZmIn19@[\/et_pb_text][\/et_pb_column][\/et_pb_row][et_pb_row column_structure=&#8221;2_3,1_3&#8243; use_custom_gutter=&#8221;on&#8221; gutter_width=&#8221;4&#8243; _builder_version=&#8221;4.18.0&#8243; _module_preset=&#8221;default&#8221; width=&#8221;88%&#8221; width_tablet=&#8221;80%&#8221; width_phone=&#8221;80%&#8221; width_last_edited=&#8221;on|tablet&#8221; max_width=&#8221;100%&#8221; max_width_tablet=&#8221;100%&#8221; max_width_phone=&#8221;100%&#8221; max_width_last_edited=&#8221;on|tablet&#8221; custom_padding=&#8221;0px||0px||true|false&#8221; global_colors_info=&#8221;{}&#8221;][et_pb_column type=&#8221;2_3&#8243; _builder_version=&#8221;4.18.0&#8243; _module_preset=&#8221;default&#8221; custom_padding=&#8221;|8vw|||false|false&#8221; custom_padding_tablet=&#8221;|0vw|||false|false&#8221; custom_padding_phone=&#8221;|0vw|||false|false&#8221; custom_padding_last_edited=&#8221;on|phone&#8221; global_colors_info=&#8221;{}&#8221;][et_pb_text _builder_version=&#8221;4.18.0&#8243; _module_preset=&#8221;default&#8221; width_tablet=&#8221;&#8221; width_phone=&#8221;&#8221; width_last_edited=&#8221;on|desktop&#8221; max_width_tablet=&#8221;&#8221; max_width_phone=&#8221;&#8221; max_width_last_edited=&#8221;on|tablet&#8221; animation_style=&#8221;slide&#8221; animation_direction=&#8221;bottom&#8221; animation_duration=&#8221;500ms&#8221; animation_delay=&#8221;0.9ms&#8221; global_colors_info=&#8221;{}&#8221;]<\/p>\n<p>ARTCH is looking for several t<span class=\"WdYUQQ text-decoration-none text-strikethrough-none\">echnical assistants for the exhibition and production who want to learn about the organization of artistic cultural events<\/span>. The trainee will be required to work in a team with professional technicians to perform multiple tasks during the mounting of the exhibition. Mandatory training specific to the artch exhibition context and job responsibilities will be offered on September 4th, 2023.<\/p>\n<p>Deadline to apply: August 11th 2023, 5pm<\/p>\n<p><b>\u2014<\/b><\/p>\n<p><strong><span class=\"WdYUQQ text-decoration-none text-strikethrough-none\">Technical assistant for the exhibition and production<\/span><\/strong><\/p>\n<p><strong>Job offer<\/strong>: <span class=\"WdYUQQ text-decoration-none text-strikethrough-none\">Technical assistant for the exhibition and production<\/span><br \/><strong>Dates of contract<\/strong>: September 4-11th, 2023<br \/><strong>Salary<\/strong>: $18\/h<\/p>\n<p><strong>Criteria:<\/strong> 18 to 35 years<\/p>\n<p><strong>Deadline<\/strong>: August 11th 2023, 5pm<\/p>\n<p><strong>Organization:<\/strong> Carrefour jeunesse-emploi Montr\u00e9al centre-ville<\/p>\n<p><b>Presentation<\/b><\/p>\n<p><span style=\"font-weight: 400;\">Artch\u2019s mission is to support emerging artists in their first stages of professionalization. Like an incubator, each year Artch identifies, trains, finances, mentors and exhibits a cohort of artists at the start of their careers. An exhibition in September in downtown Tio\u2019tia:ke \/ Montreal, which over the past 5 years has become a new\u00a0<\/span><i><span style=\"font-weight: 400;\">rendez-vous<\/span><\/i><span style=\"font-weight: 400;\">\u00a0for art lovers, visual arts professionals and the general public.\u00a0<\/span><span style=\"font-weight: 400;\">The public space thus becomes a veritable platform for the dissemination of emerging visual artists. Artch is a platform for exchange whose objectives are to propel emerging artists by offering them training and putting them in touch with the Montreal visual arts community. The project also aims to attract new collectors and introduce the general public to contemporary art. All with a view to perpetuating the artistic ecosystem in Montreal.<\/span><\/p>\n<p><strong>Mandate<\/strong><\/p>\n<p>ARTCH is looking for several t<span class=\"WdYUQQ text-decoration-none text-strikethrough-none\">echnical assistants for the exhibition and production who want to learn about the organization of artistic cultural events<\/span>. The trainee will be required to work in a team with professional technicians to perform multiple tasks during the mounting of the exhibition. Mandatory training specific to the artch exhibition context and job responsibilities will be offered on September 4th, 2023.<\/p>\n<p><strong>Job description<\/strong><\/p>\n<ul>\n<li>Layout of exhibition spaces (5-6th September)<\/li>\n<li>Lighting installation aid (5-6th September)<\/li>\n<li>Vinyl installation and signage installation (5-6th September)<\/li>\n<li>Assistance with the exhibition of works of artists (5-6th September)<\/li>\n<li>Installation of furniture on site (5-6th September)<\/li>\n<li>Managing the artwork packing station, production office, inventory, and shop space during the event (September 7-10th)<\/li>\n<li>Exhibition disassembly assistance (10 September evening)<\/li>\n<li>All other duties related.<\/li>\n<\/ul>\n<p><strong>Qualifications required<\/strong><\/p>\n<ul>\n<li>Autonomy, sense of responsibility, initiative, and team spirit;<\/li>\n<li>Physical fitness, interpersonal skills, curiosity, and attention to detail;<\/li>\n<li>Comfortable with manual work.<\/li>\n<\/ul>\n<p>Send your resume to <strong>colivier@cjemontreal.org<\/strong> on or before August 11, 2023<\/p>\n<p>[\/et_pb_text][\/et_pb_column][et_pb_column type=&#8221;1_3&#8243; _builder_version=&#8221;4.18.0&#8243; _module_preset=&#8221;default&#8221; global_colors_info=&#8221;{}&#8221;][et_pb_text module_class=&#8221;texte-invitation-dans-post&#8221; _builder_version=&#8221;4.18.0&#8243; _module_preset=&#8221;default&#8221; animation_style=&#8221;slide&#8221; animation_direction=&#8221;bottom&#8221; animation_duration=&#8221;500ms&#8221; animation_delay=&#8221;1.5ms&#8221; global_colors_info=&#8221;{}&#8221;]<\/p>\n<p>Send your resume to <strong>colivier@cjemontreal.org<\/strong> on or before August 11, 2023<\/p>\n<p>[\/et_pb_text][et_pb_button button_text=&#8221;RSVP&#8221; module_class=&#8221;bouton-participer-dans-post&#8221; _builder_version=&#8221;4.18.0&#8243; _module_preset=&#8221;default&#8221; custom_button=&#8221;on&#8221; button_text_color=&#8221;#FFFFFF&#8221; button_bg_color=&#8221;#000000&#8243; button_border_color=&#8221;#000000&#8243; button_letter_spacing=&#8221;0.5px&#8221; button_font=&#8221;|||on|||||&#8221; button_icon=&#8221;&#x24;||divi||400&#8243; scroll_vertical_motion_enable=&#8221;on&#8221; scroll_vertical_motion=&#8221;0|50|50|100|2|0|0&#8243; scroll_horizontal_motion=&#8221;0|50|50|100|2|0|0&#8243; global_colors_info=&#8221;{}&#8221; button_text_color__hover_enabled=&#8221;on|hover&#8221; button_text_color__hover=&#8221;#000000&#8243; button_bg_color__hover_enabled=&#8221;on|hover&#8221; button_bg_color__hover=&#8221;#FFFFFF&#8221; button_bg_enable_color__hover=&#8221;on&#8221; button_border_color__hover_enabled=&#8221;off|hover&#8221; button_icon_color__hover_enabled=&#8221;on|hover&#8221; button_icon_color__hover=&#8221;#000000&#8243;][\/et_pb_button][\/et_pb_column][\/et_pb_row][\/et_pb_section][et_pb_section fb_built=&#8221;1&#8243; _builder_version=&#8221;4.18.0&#8243; _module_preset=&#8221;default&#8221; custom_padding=&#8221;0px||0px||true|false&#8221; border_width_top=&#8221;2px&#8221; border_width_bottom=&#8221;2px&#8221; global_colors_info=&#8221;{}&#8221;][\/et_pb_section][et_pb_section fb_built=&#8221;1&#8243; custom_padding_last_edited=&#8221;on|phone&#8221; _builder_version=&#8221;4.19.4&#8243; _module_preset=&#8221;default&#8221; background_enable_image=&#8221;off&#8221; min_height=&#8221;181.3px&#8221; custom_margin=&#8221;0.1%||-52px||false|false&#8221; custom_margin_tablet=&#8221;-17.1%||-52px||false|false&#8221; custom_margin_phone=&#8221;5%||5%||false|false&#8221; custom_margin_last_edited=&#8221;on|desktop&#8221; custom_padding=&#8221;2.8%||2.8%||true|false&#8221; custom_padding_tablet=&#8221;2.8%||2.8%||true|false&#8221; custom_padding_phone=&#8221;3%||3%||true|false&#8221; global_module=&#8221;978&#8243; saved_tabs=&#8221;all&#8221; global_colors_info=&#8221;{}&#8221;][et_pb_row column_structure=&#8221;1_3,1_3,1_3&#8243; use_custom_gutter=&#8221;on&#8221; gutter_width=&#8221;2&#8243; make_equal=&#8221;on&#8221; _builder_version=&#8221;4.18.0&#8243; _module_preset=&#8221;default&#8221; custom_margin=&#8221;|auto|0px|auto||&#8221; custom_padding=&#8221;18px||18px||true|false&#8221; global_colors_info=&#8221;{}&#8221;][et_pb_column type=&#8221;1_3&#8243; _builder_version=&#8221;4.18.0&#8243; _module_preset=&#8221;default&#8221; global_colors_info=&#8221;{}&#8221;][et_pb_button button_url=&#8221;@ET-DC@eyJkeW5hbWljIjp0cnVlLCJjb250ZW50IjoicG9zdF9saW5rX3VybF9wYWdlIiwic2V0dGluZ3MiOnsicG9zdF9pZCI6IjE0MzMifX0=@&#8221; button_text=&#8221;VIEW PAST PROJECTS&#8221; button_alignment=&#8221;right&#8221; button_alignment_tablet=&#8221;center&#8221; button_alignment_phone=&#8221;&#8221; button_alignment_last_edited=&#8221;on|tablet&#8221; _builder_version=&#8221;4.19.4&#8243; _dynamic_attributes=&#8221;button_url&#8221; _module_preset=&#8221;default&#8221; button_icon=&#8221;&#x23;||divi||400&#8243; button_on_hover=&#8221;off&#8221; custom_margin=&#8221;5%||5%||true|false&#8221; custom_margin_tablet=&#8221;5%||0px||false|false&#8221; custom_margin_phone=&#8221;5%||0px||false|false&#8221; custom_margin_last_edited=&#8221;on|phone&#8221; custom_padding=&#8221;9px||9px||true|false&#8221; global_colors_info=&#8221;{}&#8221;][\/et_pb_button][\/et_pb_column][et_pb_column type=&#8221;1_3&#8243; _builder_version=&#8221;4.19.4&#8243; _module_preset=&#8221;default&#8221; global_colors_info=&#8221;{}&#8221;][\/et_pb_column][et_pb_column type=&#8221;1_3&#8243; _builder_version=&#8221;4.18.0&#8243; _module_preset=&#8221;default&#8221; global_colors_info=&#8221;{}&#8221;][et_pb_button button_url=&#8221;@ET-DC@eyJkeW5hbWljIjp0cnVlLCJjb250ZW50IjoicG9zdF9saW5rX3VybF9wYWdlIiwic2V0dGluZ3MiOnsicG9zdF9pZCI6IjcxNSJ9fQ==@&#8221; button_text=&#8221;VIEW ALL PROGRAMMATION&#8221; button_alignment=&#8221;left&#8221; button_alignment_tablet=&#8221;center&#8221; button_alignment_phone=&#8221;&#8221; button_alignment_last_edited=&#8221;on|tablet&#8221; _builder_version=&#8221;4.19.4&#8243; _dynamic_attributes=&#8221;button_url&#8221; _module_preset=&#8221;default&#8221; button_icon=&#8221;&#x23;||divi||400&#8243; button_icon_placement=&#8221;left&#8221; button_on_hover=&#8221;off&#8221; custom_margin=&#8221;5%||5%||true|false&#8221; custom_margin_tablet=&#8221;5%||5%||true|false&#8221; custom_margin_phone=&#8221;5%||5%||true|false&#8221; custom_margin_last_edited=&#8221;on|phone&#8221; custom_padding=&#8221;9px||9px||true|false&#8221; custom_padding_tablet=&#8221;&#8221; custom_padding_phone=&#8221;&#8221; custom_padding_last_edited=&#8221;on|desktop&#8221; global_colors_info=&#8221;{}&#8221;][\/et_pb_button][\/et_pb_column][\/et_pb_row][\/et_pb_section]<\/p>\n<span class=\"et_bloom_bottom_trigger\"><\/span>","protected":false},"excerpt":{"rendered":"<p>Call for applications: Technical assistant for the exhibition and production<\/p>\n","protected":false},"author":5,"featured_media":3504,"comment_status":"closed","ping_status":"open","sticky":false,"template":"","format":"standard","meta":{"_acf_changed":false,"_et_pb_use_builder":"on","_et_pb_old_content":"","_et_gb_content_width":"","inline_featured_image":false,"footnotes":""},"categories":[27,26],"tags":[],"class_list":["post-3528","post","type-post","status-publish","format-standard","has-post-thumbnail","hentry","category-artch-festival-en","category-call"],"acf":[],"yoast_head":"<!-- This site is optimized with the Yoast SEO plugin v27.4 - https:\/\/yoast.com\/product\/yoast-seo-wordpress\/ -->\n<title>Call for applications - artch - emerging contemporary art<\/title>\n<meta name=\"robots\" content=\"index, follow, max-snippet:-1, max-image-preview:large, max-video-preview:-1\" \/>\n<link rel=\"canonical\" href=\"https:\/\/artch.org\/en\/call-for-applications-2\/\" \/>\n<meta property=\"og:locale\" content=\"en_US\" \/>\n<meta property=\"og:type\" content=\"article\" \/>\n<meta property=\"og:title\" content=\"Call for applications - artch - emerging contemporary art\" \/>\n<meta property=\"og:description\" content=\"Call for applications: Technical assistant for the exhibition and production\" \/>\n<meta property=\"og:url\" content=\"https:\/\/artch.org\/en\/call-for-applications-2\/\" \/>\n<meta property=\"og:site_name\" content=\"artch - emerging contemporary art\" \/>\n<meta property=\"article:publisher\" content=\"https:\/\/www.facebook.com\/artchartcontemporainemergent\" \/>\n<meta property=\"article:published_time\" content=\"2023-07-25T14:30:14+00:00\" \/>\n<meta property=\"article:modified_time\" content=\"2023-07-25T15:32:26+00:00\" \/>\n<meta property=\"og:image\" content=\"https:\/\/artch.org\/wp-content\/uploads\/2023\/07\/Header-Facebook.png\" \/>\n\t<meta property=\"og:image:width\" content=\"1640\" \/>\n\t<meta property=\"og:image:height\" content=\"924\" \/>\n\t<meta property=\"og:image:type\" content=\"image\/png\" \/>\n<meta name=\"author\" content=\"artch\" \/>\n<meta name=\"twitter:card\" content=\"summary_large_image\" \/>\n<meta name=\"twitter:label1\" content=\"Written by\" \/>\n\t<meta name=\"twitter:data1\" content=\"artch\" \/>\n\t<meta name=\"twitter:label2\" content=\"Est. reading time\" \/>\n\t<meta name=\"twitter:data2\" content=\"9 minutes\" \/>\n<script type=\"application\/ld+json\" class=\"yoast-schema-graph\">{\"@context\":\"https:\\\/\\\/schema.org\",\"@graph\":[{\"@type\":\"Article\",\"@id\":\"https:\\\/\\\/artch.org\\\/en\\\/call-for-applications-2\\\/#article\",\"isPartOf\":{\"@id\":\"https:\\\/\\\/artch.org\\\/en\\\/call-for-applications-2\\\/\"},\"author\":{\"name\":\"artch\",\"@id\":\"https:\\\/\\\/artch.org\\\/#\\\/schema\\\/person\\\/970784c7d0c4323c8ee1fdc9bb7ecb48\"},\"headline\":\"Call for applications\",\"datePublished\":\"2023-07-25T14:30:14+00:00\",\"dateModified\":\"2023-07-25T15:32:26+00:00\",\"mainEntityOfPage\":{\"@id\":\"https:\\\/\\\/artch.org\\\/en\\\/call-for-applications-2\\\/\"},\"wordCount\":1852,\"publisher\":{\"@id\":\"https:\\\/\\\/artch.org\\\/#organization\"},\"image\":{\"@id\":\"https:\\\/\\\/artch.org\\\/en\\\/call-for-applications-2\\\/#primaryimage\"},\"thumbnailUrl\":\"https:\\\/\\\/artch.org\\\/wp-content\\\/uploads\\\/2023\\\/07\\\/Header-Facebook.png\",\"articleSection\":[\"Artch festival\",\"Call\"],\"inLanguage\":\"en-US\"},{\"@type\":\"WebPage\",\"@id\":\"https:\\\/\\\/artch.org\\\/en\\\/call-for-applications-2\\\/\",\"url\":\"https:\\\/\\\/artch.org\\\/en\\\/call-for-applications-2\\\/\",\"name\":\"Call for applications - artch - emerging contemporary art\",\"isPartOf\":{\"@id\":\"https:\\\/\\\/artch.org\\\/#website\"},\"primaryImageOfPage\":{\"@id\":\"https:\\\/\\\/artch.org\\\/en\\\/call-for-applications-2\\\/#primaryimage\"},\"image\":{\"@id\":\"https:\\\/\\\/artch.org\\\/en\\\/call-for-applications-2\\\/#primaryimage\"},\"thumbnailUrl\":\"https:\\\/\\\/artch.org\\\/wp-content\\\/uploads\\\/2023\\\/07\\\/Header-Facebook.png\",\"datePublished\":\"2023-07-25T14:30:14+00:00\",\"dateModified\":\"2023-07-25T15:32:26+00:00\",\"breadcrumb\":{\"@id\":\"https:\\\/\\\/artch.org\\\/en\\\/call-for-applications-2\\\/#breadcrumb\"},\"inLanguage\":\"en-US\",\"potentialAction\":[{\"@type\":\"ReadAction\",\"target\":[\"https:\\\/\\\/artch.org\\\/en\\\/call-for-applications-2\\\/\"]}]},{\"@type\":\"ImageObject\",\"inLanguage\":\"en-US\",\"@id\":\"https:\\\/\\\/artch.org\\\/en\\\/call-for-applications-2\\\/#primaryimage\",\"url\":\"https:\\\/\\\/artch.org\\\/wp-content\\\/uploads\\\/2023\\\/07\\\/Header-Facebook.png\",\"contentUrl\":\"https:\\\/\\\/artch.org\\\/wp-content\\\/uploads\\\/2023\\\/07\\\/Header-Facebook.png\",\"width\":1640,\"height\":924},{\"@type\":\"BreadcrumbList\",\"@id\":\"https:\\\/\\\/artch.org\\\/en\\\/call-for-applications-2\\\/#breadcrumb\",\"itemListElement\":[{\"@type\":\"ListItem\",\"position\":1,\"name\":\"Accueil\",\"item\":\"https:\\\/\\\/artch.org\\\/\"},{\"@type\":\"ListItem\",\"position\":2,\"name\":\"Call for applications\"}]},{\"@type\":\"WebSite\",\"@id\":\"https:\\\/\\\/artch.org\\\/#website\",\"url\":\"https:\\\/\\\/artch.org\\\/\",\"name\":\"Artch | Identifier, former et cr\u00e9er un tremplin de carri\u00e8re pour les artistes professionnel\u00b7le.s \u00e9mergent\u00b7e\u00b7s en art visuel.\",\"description\":\"Identifier, former et cr\u00e9er un tremplin de carri\u00e8re pour les artistes professionnel \u00e9mergents en art visuel dans la r\u00e9gion de Montr\u00e9al..\",\"publisher\":{\"@id\":\"https:\\\/\\\/artch.org\\\/#organization\"},\"potentialAction\":[{\"@type\":\"SearchAction\",\"target\":{\"@type\":\"EntryPoint\",\"urlTemplate\":\"https:\\\/\\\/artch.org\\\/?s={search_term_string}\"},\"query-input\":{\"@type\":\"PropertyValueSpecification\",\"valueRequired\":true,\"valueName\":\"search_term_string\"}}],\"inLanguage\":\"en-US\"},{\"@type\":\"Organization\",\"@id\":\"https:\\\/\\\/artch.org\\\/#organization\",\"name\":\"Artch\",\"url\":\"https:\\\/\\\/artch.org\\\/\",\"logo\":{\"@type\":\"ImageObject\",\"inLanguage\":\"en-US\",\"@id\":\"https:\\\/\\\/artch.org\\\/#\\\/schema\\\/logo\\\/image\\\/\",\"url\":\"https:\\\/\\\/artch.org\\\/wp-content\\\/uploads\\\/2022\\\/08\\\/logo-artch-noir.svg\",\"contentUrl\":\"https:\\\/\\\/artch.org\\\/wp-content\\\/uploads\\\/2022\\\/08\\\/logo-artch-noir.svg\",\"width\":122,\"height\":34,\"caption\":\"Artch\"},\"image\":{\"@id\":\"https:\\\/\\\/artch.org\\\/#\\\/schema\\\/logo\\\/image\\\/\"},\"sameAs\":[\"https:\\\/\\\/www.facebook.com\\\/artchartcontemporainemergent\",\"https:\\\/\\\/www.instagram.com\\\/artchmtl\\\/\",\"https:\\\/\\\/www.linkedin.com\\\/company\\\/artch\\\/\"]},{\"@type\":\"Person\",\"@id\":\"https:\\\/\\\/artch.org\\\/#\\\/schema\\\/person\\\/970784c7d0c4323c8ee1fdc9bb7ecb48\",\"name\":\"artch\",\"image\":{\"@type\":\"ImageObject\",\"inLanguage\":\"en-US\",\"@id\":\"https:\\\/\\\/secure.gravatar.com\\\/avatar\\\/aa13ae1b927ac759e00cef17f63516cda721670731051d2bfd8ae7f0687acb84?s=96&d=mm&r=g\",\"url\":\"https:\\\/\\\/secure.gravatar.com\\\/avatar\\\/aa13ae1b927ac759e00cef17f63516cda721670731051d2bfd8ae7f0687acb84?s=96&d=mm&r=g\",\"contentUrl\":\"https:\\\/\\\/secure.gravatar.com\\\/avatar\\\/aa13ae1b927ac759e00cef17f63516cda721670731051d2bfd8ae7f0687acb84?s=96&d=mm&r=g\",\"caption\":\"artch\"},\"url\":\"https:\\\/\\\/artch.org\\\/en\\\/author\\\/artch\\\/\"}]}<\/script>\n<!-- \/ Yoast SEO plugin. -->","yoast_head_json":{"title":"Call for applications - artch - emerging contemporary art","robots":{"index":"index","follow":"follow","max-snippet":"max-snippet:-1","max-image-preview":"max-image-preview:large","max-video-preview":"max-video-preview:-1"},"canonical":"https:\/\/artch.org\/en\/call-for-applications-2\/","og_locale":"en_US","og_type":"article","og_title":"Call for applications - artch - emerging contemporary art","og_description":"Call for applications: Technical assistant for the exhibition and production","og_url":"https:\/\/artch.org\/en\/call-for-applications-2\/","og_site_name":"artch - emerging contemporary art","article_publisher":"https:\/\/www.facebook.com\/artchartcontemporainemergent","article_published_time":"2023-07-25T14:30:14+00:00","article_modified_time":"2023-07-25T15:32:26+00:00","og_image":[{"width":1640,"height":924,"url":"https:\/\/artch.org\/wp-content\/uploads\/2023\/07\/Header-Facebook.png","type":"image\/png"}],"author":"artch","twitter_card":"summary_large_image","twitter_misc":{"Written by":"artch","Est. reading time":"9 minutes"},"schema":{"@context":"https:\/\/schema.org","@graph":[{"@type":"Article","@id":"https:\/\/artch.org\/en\/call-for-applications-2\/#article","isPartOf":{"@id":"https:\/\/artch.org\/en\/call-for-applications-2\/"},"author":{"name":"artch","@id":"https:\/\/artch.org\/#\/schema\/person\/970784c7d0c4323c8ee1fdc9bb7ecb48"},"headline":"Call for applications","datePublished":"2023-07-25T14:30:14+00:00","dateModified":"2023-07-25T15:32:26+00:00","mainEntityOfPage":{"@id":"https:\/\/artch.org\/en\/call-for-applications-2\/"},"wordCount":1852,"publisher":{"@id":"https:\/\/artch.org\/#organization"},"image":{"@id":"https:\/\/artch.org\/en\/call-for-applications-2\/#primaryimage"},"thumbnailUrl":"https:\/\/artch.org\/wp-content\/uploads\/2023\/07\/Header-Facebook.png","articleSection":["Artch festival","Call"],"inLanguage":"en-US"},{"@type":"WebPage","@id":"https:\/\/artch.org\/en\/call-for-applications-2\/","url":"https:\/\/artch.org\/en\/call-for-applications-2\/","name":"Call for applications - artch - emerging contemporary art","isPartOf":{"@id":"https:\/\/artch.org\/#website"},"primaryImageOfPage":{"@id":"https:\/\/artch.org\/en\/call-for-applications-2\/#primaryimage"},"image":{"@id":"https:\/\/artch.org\/en\/call-for-applications-2\/#primaryimage"},"thumbnailUrl":"https:\/\/artch.org\/wp-content\/uploads\/2023\/07\/Header-Facebook.png","datePublished":"2023-07-25T14:30:14+00:00","dateModified":"2023-07-25T15:32:26+00:00","breadcrumb":{"@id":"https:\/\/artch.org\/en\/call-for-applications-2\/#breadcrumb"},"inLanguage":"en-US","potentialAction":[{"@type":"ReadAction","target":["https:\/\/artch.org\/en\/call-for-applications-2\/"]}]},{"@type":"ImageObject","inLanguage":"en-US","@id":"https:\/\/artch.org\/en\/call-for-applications-2\/#primaryimage","url":"https:\/\/artch.org\/wp-content\/uploads\/2023\/07\/Header-Facebook.png","contentUrl":"https:\/\/artch.org\/wp-content\/uploads\/2023\/07\/Header-Facebook.png","width":1640,"height":924},{"@type":"BreadcrumbList","@id":"https:\/\/artch.org\/en\/call-for-applications-2\/#breadcrumb","itemListElement":[{"@type":"ListItem","position":1,"name":"Accueil","item":"https:\/\/artch.org\/"},{"@type":"ListItem","position":2,"name":"Call for applications"}]},{"@type":"WebSite","@id":"https:\/\/artch.org\/#website","url":"https:\/\/artch.org\/","name":"Artch | Identifier, former et cr\u00e9er un tremplin de carri\u00e8re pour les artistes professionnel\u00b7le.s \u00e9mergent\u00b7e\u00b7s en art visuel.","description":"Identifier, former et cr\u00e9er un tremplin de carri\u00e8re pour les artistes professionnel \u00e9mergents en art visuel dans la r\u00e9gion de Montr\u00e9al..","publisher":{"@id":"https:\/\/artch.org\/#organization"},"potentialAction":[{"@type":"SearchAction","target":{"@type":"EntryPoint","urlTemplate":"https:\/\/artch.org\/?s={search_term_string}"},"query-input":{"@type":"PropertyValueSpecification","valueRequired":true,"valueName":"search_term_string"}}],"inLanguage":"en-US"},{"@type":"Organization","@id":"https:\/\/artch.org\/#organization","name":"Artch","url":"https:\/\/artch.org\/","logo":{"@type":"ImageObject","inLanguage":"en-US","@id":"https:\/\/artch.org\/#\/schema\/logo\/image\/","url":"https:\/\/artch.org\/wp-content\/uploads\/2022\/08\/logo-artch-noir.svg","contentUrl":"https:\/\/artch.org\/wp-content\/uploads\/2022\/08\/logo-artch-noir.svg","width":122,"height":34,"caption":"Artch"},"image":{"@id":"https:\/\/artch.org\/#\/schema\/logo\/image\/"},"sameAs":["https:\/\/www.facebook.com\/artchartcontemporainemergent","https:\/\/www.instagram.com\/artchmtl\/","https:\/\/www.linkedin.com\/company\/artch\/"]},{"@type":"Person","@id":"https:\/\/artch.org\/#\/schema\/person\/970784c7d0c4323c8ee1fdc9bb7ecb48","name":"artch","image":{"@type":"ImageObject","inLanguage":"en-US","@id":"https:\/\/secure.gravatar.com\/avatar\/aa13ae1b927ac759e00cef17f63516cda721670731051d2bfd8ae7f0687acb84?s=96&d=mm&r=g","url":"https:\/\/secure.gravatar.com\/avatar\/aa13ae1b927ac759e00cef17f63516cda721670731051d2bfd8ae7f0687acb84?s=96&d=mm&r=g","contentUrl":"https:\/\/secure.gravatar.com\/avatar\/aa13ae1b927ac759e00cef17f63516cda721670731051d2bfd8ae7f0687acb84?s=96&d=mm&r=g","caption":"artch"},"url":"https:\/\/artch.org\/en\/author\/artch\/"}]}},"_links":{"self":[{"href":"https:\/\/artch.org\/en\/wp-json\/wp\/v2\/posts\/3528","targetHints":{"allow":["GET"]}}],"collection":[{"href":"https:\/\/artch.org\/en\/wp-json\/wp\/v2\/posts"}],"about":[{"href":"https:\/\/artch.org\/en\/wp-json\/wp\/v2\/types\/post"}],"author":[{"embeddable":true,"href":"https:\/\/artch.org\/en\/wp-json\/wp\/v2\/users\/5"}],"replies":[{"embeddable":true,"href":"https:\/\/artch.org\/en\/wp-json\/wp\/v2\/comments?post=3528"}],"version-history":[{"count":16,"href":"https:\/\/artch.org\/en\/wp-json\/wp\/v2\/posts\/3528\/revisions"}],"predecessor-version":[{"id":3557,"href":"https:\/\/artch.org\/en\/wp-json\/wp\/v2\/posts\/3528\/revisions\/3557"}],"wp:featuredmedia":[{"embeddable":true,"href":"https:\/\/artch.org\/en\/wp-json\/wp\/v2\/media\/3504"}],"wp:attachment":[{"href":"https:\/\/artch.org\/en\/wp-json\/wp\/v2\/media?parent=3528"}],"wp:term":[{"taxonomy":"category","embeddable":true,"href":"https:\/\/artch.org\/en\/wp-json\/wp\/v2\/categories?post=3528"},{"taxonomy":"post_tag","embeddable":true,"href":"https:\/\/artch.org\/en\/wp-json\/wp\/v2\/tags?post=3528"}],"curies":[{"name":"wp","href":"https:\/\/api.w.org\/{rel}","templated":true}]}}